{"id":34,"date":"2026-04-27T20:00:00","date_gmt":"2026-04-27T18:00:00","guid":{"rendered":"https:\/\/blog.kieselwiese.de\/?p=34"},"modified":"2026-04-27T16:47:20","modified_gmt":"2026-04-27T14:47:20","slug":"2026-04-21-doch-kein-grav-mudekalt","status":"publish","type":"post","link":"https:\/\/blog.kieselwiese.de\/?p=34","title":{"rendered":"2026-04-21: Doch kein Grav, M\u00fcdekalt"},"content":{"rendered":"\n<h2 class=\"wp-block-heading\">Nacht<\/h2>\n\n\n\n<p>Erst will wieder der Schlaf nicht kommen. Das ist ungew\u00f6hnlich, da ich die Schlafprobleme ja eigentlich \u00fcberwunden geglaubt hatte. Es sind aber auch doch einige Gedanken im Kopf.<\/p>\n\n\n\n\n<h2 class=\"wp-block-heading\">Morgen<\/h2>\n\n\n\n<p>Ich stehe \u201eerst\u201c um halb f\u00fcnf Uhr auf. Fr\u00fchst\u00fcck mit Wassermelone. Leider muss ich Erdbeeren wegen Schimmelbefall wegwerfen.<\/p>\n\n\n\n\n<p>Dann setze ich mich an den Rechner und versuche, meine Grav-Installation zu reparieren (siehe dort). Gegen sieben Uhr gebe ich auf und mache einen Spaziergang, der mir gut tut.<\/p>\n\n\n\n\n<h2 class=\"wp-block-heading\">Mittagsmediation bei der Mittagsmeditation<\/h2>\n\n\n\n<p>Spaziergang in den Botanischen Garten. Hier f\u00e4llt mir ein, dass ich meine morgendliche Meditation vergessen habe. Seitdem ich eigentlich (!) nach dem Fr\u00fchst\u00fcck meditiere, bin ich dann versehentlich mitunter schon so sehr im Tag, dass ich das Innehalten vergesse.<\/p>\n\n\n\n\n<p>Also probiere ich es mal aus, einfach im Park auf einer Bank sitzend zu meditieren. Das funktioniert erstaunlich gut. Es funktioniert sogar so gut, dass ich dabei fast einschlafe (ein gutes Zeichen, wie ich finde).<\/p>\n\n\n\n\n<p>Auch komme ich wieder mehr bei mir selber an. Interessant ist, das ich morgens noch das Gef\u00fchl hatte, dass dieser Tag irgendwie kaputt w\u00e4re, dabei k\u00f6nnen sich die Empfindungen doch immer wieder \u00e4ndern.<\/p>\n\n\n\n\n<p>Daheim trinke ich vor der B\u00e4renh\u00f6hle noch einen gro\u00dfen, starken Espresso wegen der Meditation.<\/p>\n\n\n\n\n<h2 class=\"wp-block-heading\">M\u00fcdekalt<\/h2>\n\n\n\n<p>Am Nachmittag zieht K\u00e4lte in meine Glieder. Ich bin m\u00fcde, \u00fcbel gelaunt und bekomme dazu noch Kopfschmerzen. Es wird so schlimm, dass ich mich mal kurz hinlegen muss.<\/p>\n\n\n\n\n<p>Ruhe und Kr\u00e4utertee helfen mir \u00fcber den Rest des Tages.<\/p>\n\n\n\n\n<p>Abends dann ein Bad und dann geht es direkt ins Bett.<\/p>\n\n\n\n\n<h2 class=\"wp-block-heading\">Das Ende der Gravschaft<\/h2>\n\n\n\n<p>Die Kombination von Grav als Cloudron-App mit SFTPGo als Br\u00fccke, um von au\u00dfen das Blog mit Markdown-Dateien hat sich dann gestern doch zerschossen. Ich vermute, Secure Shellfish hat die Rechte alle durcheinander gebracht und pl\u00f6tzlich konnte Grav seine eigenen Dateien nicht mehr schreiben. Das konnte ich dann zwar reparieren, aber das w\u00e4re ja nur tempor\u00e4r. Au\u00dferdem ist Grav in ein relativ neues Plugin verliebt, was alles noch komplizierter macht. Diese polyamour\u00f6se Beziehung w\u00e4re mir f\u00fcr den Alltag zu anstrengend, also beende ich das Experiment mit Grav. Immerhin habe ich viel \u00fcber Cloudron, den Host und die Sache mit den Datentr\u00e4gern gelernt.<\/p>\n\n\n\n\n<p>Jetzt mache ich erst einmal eine Pause. Dann will ich mir doch mal ein datenbankgest\u00fctztes Blogsystem ansehen, was bei den vielen Eintr\u00e4gen, die ich produziere, wahrscheinlich besonders sinnvoll w\u00e4re.<\/p>\n\n\n\n\n<p>Momentan erscheint mir auch WordPress als Managed App in Cloudron sehr attraktiv, weil das ja recht sicher, wenn auch (was Plugins angeht) ziemlich eingeschr\u00e4nkt ist.<\/p>\n\n\n\n\n<p>Aber vielleicht wird es auch Serendipity?<\/p>\n\n\n\n\n","protected":false},"excerpt":{"rendered":"<p>Nacht Erst will wieder der Schlaf nicht kommen. Das ist ungew\u00f6hnlich, da ich die Schlafprobleme ja eigentlich \u00fcberwunden geglaubt hatte. Es sind aber auch doch einige Gedanken im Kopf. Morgen Ich stehe \u201eerst\u201c um halb f\u00fcnf Uhr auf. Fr\u00fchst\u00fcck mit Wassermelone. Leider muss ich Erdbeeren wegen Schimmelbefall wegwerfen. Dann setze ich mich an den Rechner [&hellip;]<\/p>\n","protected":false},"author":2,"featured_media":0,"comment_status":"open","ping_status":"open","sticky":false,"template":"","format":"standard","meta":{"footnotes":""},"categories":[4],"tags":[],"class_list":["post-34","post","type-post","status-publish","format-standard","hentry","category-tagebuch"],"_links":{"self":[{"href":"https:\/\/blog.kieselwiese.de\/index.php?rest_route=\/wp\/v2\/posts\/34","targetHints":{"allow":["GET"]}}],"collection":[{"href":"https:\/\/blog.kieselwiese.de\/index.php?rest_route=\/wp\/v2\/posts"}],"about":[{"href":"https:\/\/blog.kieselwiese.de\/index.php?rest_route=\/wp\/v2\/types\/post"}],"author":[{"embeddable":true,"href":"https:\/\/blog.kieselwiese.de\/index.php?rest_route=\/wp\/v2\/users\/2"}],"replies":[{"embeddable":true,"href":"https:\/\/blog.kieselwiese.de\/index.php?rest_route=%2Fwp%2Fv2%2Fcomments&post=34"}],"version-history":[{"count":2,"href":"https:\/\/blog.kieselwiese.de\/index.php?rest_route=\/wp\/v2\/posts\/34\/revisions"}],"predecessor-version":[{"id":36,"href":"https:\/\/blog.kieselwiese.de\/index.php?rest_route=\/wp\/v2\/posts\/34\/revisions\/36"}],"wp:attachment":[{"href":"https:\/\/blog.kieselwiese.de\/index.php?rest_route=%2Fwp%2Fv2%2Fmedia&parent=34"}],"wp:term":[{"taxonomy":"category","embeddable":true,"href":"https:\/\/blog.kieselwiese.de\/index.php?rest_route=%2Fwp%2Fv2%2Fcategories&post=34"},{"taxonomy":"post_tag","embeddable":true,"href":"https:\/\/blog.kieselwiese.de\/index.php?rest_route=%2Fwp%2Fv2%2Ftags&post=34"}],"curies":[{"name":"wp","href":"https:\/\/api.w.org\/{rel}","templated":true}]}}